{"id":22,"date":"2017-02-22T18:19:56","date_gmt":"2017-02-22T18:19:56","guid":{"rendered":"http:\/\/www.helenavonhofsten.se\/?p=22"},"modified":"2017-02-25T08:35:33","modified_gmt":"2017-02-25T08:35:33","slug":"jag-unnade-mig-nya-extraljus-till-bilen","status":"publish","type":"post","link":"https:\/\/www.helenavonhofsten.se\/?p=22","title":{"rendered":"Jag unnade mig nya lampor till bilen"},"content":{"rendered":"<p>I b\u00f6rjan p\u00e5 veckan satte jag mig ner i soffan och funderade \u00f6ver varf\u00f6r jag s\u00e4llan unnar mig n\u00e5got. Jag t\u00e4nker alltid p\u00e5 andra m\u00e4nniskor i f\u00f6rsta hand f\u00f6r det \u00e4r s\u00e5dan jag \u00e4r som person och det \u00e4r jag stolt \u00f6ver. Men jag k\u00e4nde n\u00e5gonstans att jag kanske b\u00f6r prioritera mig sj\u00e4lv ocks\u00e5. Jag har exempelvis l\u00e4nge funderat \u00f6ver\u00a0att k\u00f6pa nya lampor till bilen men som kvinna \u00e4r det v\u00e4l kanske inte det f\u00f6rsta man prioriterar n\u00e4r ekonomin inte \u00e4r den b\u00e4sta. Men denna g\u00e5ng skulle det bli annorlunda minsann t\u00e4nkte jag. Efter att jag pratade med barnen som gjorde allt f\u00f6r att \u00f6vertala mig s\u00e5 gav jag mig ut p\u00e5 n\u00e4tet f\u00f6r att unders\u00f6ka om jag kunde hitta n\u00e5gra snygga lampor, och visst hittade jag dom!<\/p>\n<h2>Priset f\u00f6r extraljusen hamnade l\u00e5ngt \u00f6ver min budget<\/h2>\n<p>Jag satt p\u00e5 n\u00e4tet och bes\u00f6kte olika webbsajter och funderade \u00f6ver vilka extraljus lampor jag skulle best\u00e4lla. Efter n\u00e4stan tv\u00e5 timmar med den b\u00e4rbara datorn i kn\u00e4t s\u00e5 valde jag att best\u00e4lla <strong><a href=\"https:\/\/ljusgiganten.se\">extraljus <\/a><\/strong>fr\u00e5n Ljusgiganten med tillh\u00f6rande f\u00e4ste. Egentligen hade jag satt en budget p\u00e5 4500 kronor men till slut blev det n\u00e4stan dubbelt s\u00e5 dyrt. Men jag t\u00e4nkte att lampor k\u00f6per man inte varje vecka och just extraljus har jag \u00f6nskat mig \u00e4nda sedan jag k\u00f6pte min Landrover vilket var i december 2012. Ja, ni kanske f\u00f6rst\u00e5r att detta inte h\u00e4nde \u00f6ver en natt direkt.<\/p>\n<p>Jag valde svarta extraljus som passar bilens lack och k\u00f6pte \u00e4ven till en <strong><a href=\"https:\/\/ljusgiganten.se\/led-ljusramp\">led ramp<\/a><\/strong>\u00a0som delvis\u00a0var anledningen till att budgeten sprack. Lamporna lyser dock f\u00f6rtr\u00e4ffligt bra och jag kan varmt rekommendera att ni handlar fr\u00e5n samma butik. Dom har v\u00e4ldigt snabba leveranser d\u00e5 jag best\u00e4llde i m\u00e5ndags och fick b\u00e5de ramp och extraljusen dagen efter. Monteringen gjorde jag inte sj\u00e4lv utan det fick bilfirman fixa. Jag hittade ett klipp som kanske kan vara till en hj\u00e4lp f\u00f6r er som funderat p\u00e5 att sj\u00e4lva montera lamporna.<\/p>\n<p><iframe loading=\"lazy\" title=\"Installation of a 30&quot; LED light bar from Bulldog. Mounted on a 2011 Ford F250 Super Duty\" width=\"800\" height=\"450\" src=\"https:\/\/www.youtube.com\/embed\/Jf_I-Tvxx1M?feature=oembed\" frameborder=\"0\" allow=\"accelerometer; autoplay; clipboard-write; encrypted-media; gyroscope; picture-in-picture\" allowfullscreen><\/iframe><\/p>\n","protected":false},"excerpt":{"rendered":"<p>I b\u00f6rjan p\u00e5 veckan satte jag mig ner i soffan och funderade \u00f6ver varf\u00f6r jag s\u00e4llan unnar mig n\u00e5got. Jag t\u00e4nker alltid p\u00e5 andra m\u00e4nniskor i f\u00f6rsta hand f\u00f6r det \u00e4r s\u00e5dan jag \u00e4r som person och det \u00e4r jag stolt \u00f6ver. Men jag k\u00e4nde n\u00e5gonstans att jag kanske b\u00f6r prioritera mig sj\u00e4lv ocks\u00e5. Jag <a class=\"read-more\" href=\"https:\/\/www.helenavonhofsten.se\/?p=22\">Read More<\/a><\/p>\n","protected":false},"author":1,"featured_media":23,"comment_status":"closed","ping_status":"open","sticky":false,"template":"","format":"standard","meta":{"footnotes":""},"categories":[3],"tags":[],"class_list":["post-22","post","type-post","status-publish","format-standard","has-post-thumbnail","hentry","category-nya-inlagg"],"_links":{"self":[{"href":"https:\/\/www.helenavonhofsten.se\/index.php?rest_route=\/wp\/v2\/posts\/22","targetHints":{"allow":["GET"]}}],"collection":[{"href":"https:\/\/www.helenavonhofsten.se\/index.php?rest_route=\/wp\/v2\/posts"}],"about":[{"href":"https:\/\/www.helenavonhofsten.se\/index.php?rest_route=\/wp\/v2\/types\/post"}],"author":[{"embeddable":true,"href":"https:\/\/www.helenavonhofsten.se\/index.php?rest_route=\/wp\/v2\/users\/1"}],"replies":[{"embeddable":true,"href":"https:\/\/www.helenavonhofsten.se\/index.php?rest_route=%2Fwp%2Fv2%2Fcomments&post=22"}],"version-history":[{"count":8,"href":"https:\/\/www.helenavonhofsten.se\/index.php?rest_route=\/wp\/v2\/posts\/22\/revisions"}],"predecessor-version":[{"id":31,"href":"https:\/\/www.helenavonhofsten.se\/index.php?rest_route=\/wp\/v2\/posts\/22\/revisions\/31"}],"wp:featuredmedia":[{"embeddable":true,"href":"https:\/\/www.helenavonhofsten.se\/index.php?rest_route=\/wp\/v2\/media\/23"}],"wp:attachment":[{"href":"https:\/\/www.helenavonhofsten.se\/index.php?rest_route=%2Fwp%2Fv2%2Fmedia&parent=22"}],"wp:term":[{"taxonomy":"category","embeddable":true,"href":"https:\/\/www.helenavonhofsten.se\/index.php?rest_route=%2Fwp%2Fv2%2Fcategories&post=22"},{"taxonomy":"post_tag","embeddable":true,"href":"https:\/\/www.helenavonhofsten.se\/index.php?rest_route=%2Fwp%2Fv2%2Ftags&post=22"}],"curies":[{"name":"wp","href":"https:\/\/api.w.org\/{rel}","templated":true}]}}