{"id":33,"date":"2017-03-10T11:58:17","date_gmt":"2017-03-10T11:58:17","guid":{"rendered":"http:\/\/www.helenavonhofsten.se\/?p=33"},"modified":"2017-03-10T12:00:47","modified_gmt":"2017-03-10T12:00:47","slug":"hur-stort-problem-ar-den-globala-uppvarmningen","status":"publish","type":"post","link":"https:\/\/www.helenavonhofsten.se\/?p=33","title":{"rendered":"Hur stort problem \u00e4r den globala uppv\u00e4rmningen?"},"content":{"rendered":"<p>Jag funderar mycket p\u00e5 det h\u00e4r med naturen och den globala uppv\u00e4rmningen. Det s\u00e4gs ganska mycket av b\u00e5de forskare, media och v\u00e4nner och bekanta och det k\u00e4nns som att alla har en \u00e5sikt om detta \u00e4mne. Jag personligen tror att vi m\u00e5ste l\u00e4ra oss att f\u00f6r\u00e4ndra v\u00e5rt beteende och l\u00e4mna v\u00e5rt konsumtionssamh\u00e4lle bakom oss och effektivisera v\u00e5r v\u00e4rld f\u00f6r att vi ska lyckas stoppa denna utveckling. Men hur br\u00e5ttom\u00a0\u00e4r det f\u00f6r oss att f\u00e5 den globala uppv\u00e4rmningen under kontroll egentligen? Vem ska man lita p\u00e5 d\u00e5 klimatforskare runt p\u00e5 jordklotet aldrig kan komma \u00f6verens om hur akut detta problem verkligen \u00e4r? Jag s\u00e5g ett intressant klipp f\u00f6r ett tag sedan som belyste detta problem och man blir faktiskt m\u00f6rkr\u00e4dd efter Johan Rockstr\u00f6m delar med sig av sin kunskap av v\u00e5r tids st\u00f6rsta klimatkatastrof hos TV4.<\/p>\n<p><iframe loading=\"lazy\" title=\"Global uppv\u00e4rmning - &quot;Vi \u00e4r en grad ifr\u00e5n klimatkatastrof&quot; - Nyhetsmorgon (TV4)\" width=\"800\" height=\"450\" src=\"https:\/\/www.youtube.com\/embed\/eZPeD31M1v0?feature=oembed\" frameborder=\"0\" allow=\"accelerometer; autoplay; clipboard-write; encrypted-media; gyroscope; picture-in-picture\" allowfullscreen><\/iframe><\/p>\n","protected":false},"excerpt":{"rendered":"<p>Jag funderar mycket p\u00e5 det h\u00e4r med naturen och den globala uppv\u00e4rmningen. Det s\u00e4gs ganska mycket av b\u00e5de forskare, media och v\u00e4nner och bekanta och det k\u00e4nns som att alla har en \u00e5sikt om detta \u00e4mne. Jag personligen tror att vi m\u00e5ste l\u00e4ra oss att f\u00f6r\u00e4ndra v\u00e5rt beteende och l\u00e4mna v\u00e5rt konsumtionssamh\u00e4lle bakom oss och <a class=\"read-more\" href=\"https:\/\/www.helenavonhofsten.se\/?p=33\">Read More<\/a><\/p>\n","protected":false},"author":1,"featured_media":0,"comment_status":"closed","ping_status":"open","sticky":false,"template":"","format":"standard","meta":{"footnotes":""},"categories":[3],"tags":[],"class_list":["post-33","post","type-post","status-publish","format-standard","hentry","category-nya-inlagg"],"_links":{"self":[{"href":"https:\/\/www.helenavonhofsten.se\/index.php?rest_route=\/wp\/v2\/posts\/33","targetHints":{"allow":["GET"]}}],"collection":[{"href":"https:\/\/www.helenavonhofsten.se\/index.php?rest_route=\/wp\/v2\/posts"}],"about":[{"href":"https:\/\/www.helenavonhofsten.se\/index.php?rest_route=\/wp\/v2\/types\/post"}],"author":[{"embeddable":true,"href":"https:\/\/www.helenavonhofsten.se\/index.php?rest_route=\/wp\/v2\/users\/1"}],"replies":[{"embeddable":true,"href":"https:\/\/www.helenavonhofsten.se\/index.php?rest_route=%2Fwp%2Fv2%2Fcomments&post=33"}],"version-history":[{"count":4,"href":"https:\/\/www.helenavonhofsten.se\/index.php?rest_route=\/wp\/v2\/posts\/33\/revisions"}],"predecessor-version":[{"id":37,"href":"https:\/\/www.helenavonhofsten.se\/index.php?rest_route=\/wp\/v2\/posts\/33\/revisions\/37"}],"wp:attachment":[{"href":"https:\/\/www.helenavonhofsten.se\/index.php?rest_route=%2Fwp%2Fv2%2Fmedia&parent=33"}],"wp:term":[{"taxonomy":"category","embeddable":true,"href":"https:\/\/www.helenavonhofsten.se\/index.php?rest_route=%2Fwp%2Fv2%2Fcategories&post=33"},{"taxonomy":"post_tag","embeddable":true,"href":"https:\/\/www.helenavonhofsten.se\/index.php?rest_route=%2Fwp%2Fv2%2Ftags&post=33"}],"curies":[{"name":"wp","href":"https:\/\/api.w.org\/{rel}","templated":true}]}}