{"id":39,"date":"2017-03-30T08:00:32","date_gmt":"2017-03-30T08:00:32","guid":{"rendered":"http:\/\/www.helenavonhofsten.se\/?p=39"},"modified":"2017-11-10T21:06:11","modified_gmt":"2017-11-10T21:06:11","slug":"led-belysning-borjar-intressera-mig-allt-mer","status":"publish","type":"post","link":"https:\/\/www.helenavonhofsten.se\/?p=39","title":{"rendered":"LED belysning b\u00f6rjar intressera mig allt mer"},"content":{"rendered":"<p>Efter att jag b\u00f6rjat l\u00e4sa om den globala uppv\u00e4rmningen s\u00e5 har jag funderat mycket \u00f6ver detta med LED i en allt st\u00f6rre utstr\u00e4ckning. Forskaren Johan Rockstr\u00f6ms medverkande i TV4 fick mig att reagera ordentligt och jag b\u00f6rjade l\u00e4sa p\u00e5 om hur koldioxid utsl\u00e4pp p\u00e5verkar v\u00e5rt klimat. Jag ins\u00e5g att det faktiskt finns mycket vi m\u00e4nniskor kan g\u00f6ra \u00e4ven om det st\u00f6rsta ansvaret trots allt ligger hos f\u00f6retagen.\u00a0LED belysning som jag tidigare k\u00f6pte till bilen kan minska v\u00e4rldens koldioxid utsl\u00e4pp med ca \u00e5tta procentenheter ifall alla lokaler runt om jordklotet bytte ut sin gamla belysning till modern LED belysning. Efter allt l\u00e4sande p\u00e5 Wikipedia s\u00e5 surfade jag runt p\u00e5 n\u00e4tet som jag alltid g\u00f6r under kv\u00e4llarna f\u00f6r att f\u00f6rdriva tiden och hittade till en sida som erbjuder hela 7 \u00e5rs garanti p\u00e5 sin led belysning. Ett lysr\u00f6r med LED dioder brukar ju i vanliga fall inte kunna k\u00f6pas med en garanti som \u00e4r l\u00e4ngre \u00e4n 3 till 5 \u00e5r vilket gjorde mig v\u00e4ldigt nyfiken. Tydligen s\u00e5 \u00e4r lysr\u00f6ren fr\u00e5n Svealight finsk-tillverkade och h\u00e5ller en betydligt b\u00e4ttre kvalitet \u00e4n exempelvis Philips som vi alla k\u00e4nner till. Jag tyckte detta var intressant d\u00e5 led lysr\u00f6r normalt s\u00e4tt inte inneh\u00e5ller n\u00e5gon kvicksilver och \u00e4ven minskar koldioxid utsl\u00e4ppet markant. \u00a0Varf\u00f6r \u00e4r det fortfarande s\u00e5 m\u00e5nga som har gamla lysr\u00f6r i sina lokaler egentligen? F\u00f6r mig l\u00e5ter det helt otroligt att gemene svensk inte redan b\u00f6rjat anv\u00e4nda moderna LED ljusk\u00e4llor!<\/p>\n<h2>Specialanpassade lysr\u00f6rsarmaturer f\u00f6r led lysr\u00f6r<\/h2>\n<p>De flesta lysr\u00f6rsarmaturerna \u00e4r egentligen utvecklade f\u00f6r vanliga <strong><a href=\"https:\/\/svealight.se\">lysr\u00f6r<\/a><\/strong> och inte led lysr\u00f6r. Det jag m\u00e4rkte av var att Svealights <strong><a href=\"https:\/\/svealight.se\/produkter\/lysrorsarmatur\/\">lysr\u00f6rsarmatur<\/a><\/strong> som heter Ancora vad anpassad f\u00f6r LED fr\u00e5n b\u00f6rjan. D.v.s armaturen fungerar inte med vanliga fluoriserande lysr\u00f6r utan endast led. Man kan undra varf\u00f6r det fortfarande finns s\u00e5 f\u00e5 led armaturer p\u00e5 marknaden som i mitt fall d\u00e4r jag beh\u00f6vde k\u00f6pa ny belysning till garaget. Det hj\u00e4lpte mig v\u00e4ldigt mycket att l\u00e4sa p\u00e5 webbsajten <strong><a href=\"http:\/\/ledlysr\u00f6r.nu\">www.ledlysr\u00f6r.nu<\/a><\/strong> d\u00e4r jag snabbt kunde bilda mig uppfattning om led belysning i allm\u00e4nhet.<\/p>\n","protected":false},"excerpt":{"rendered":"<p>Efter att jag b\u00f6rjat l\u00e4sa om den globala uppv\u00e4rmningen s\u00e5 har jag funderat mycket \u00f6ver detta med LED i en allt st\u00f6rre utstr\u00e4ckning. Forskaren Johan Rockstr\u00f6ms medverkande i TV4 fick mig att reagera ordentligt och jag b\u00f6rjade l\u00e4sa p\u00e5 om hur koldioxid utsl\u00e4pp p\u00e5verkar v\u00e5rt klimat. Jag ins\u00e5g att det faktiskt finns mycket vi m\u00e4nniskor <a class=\"read-more\" href=\"https:\/\/www.helenavonhofsten.se\/?p=39\">Read More<\/a><\/p>\n","protected":false},"author":1,"featured_media":40,"comment_status":"closed","ping_status":"open","sticky":false,"template":"","format":"standard","meta":{"footnotes":""},"categories":[3],"tags":[],"class_list":["post-39","post","type-post","status-publish","format-standard","has-post-thumbnail","hentry","category-nya-inlagg"],"_links":{"self":[{"href":"https:\/\/www.helenavonhofsten.se\/index.php?rest_route=\/wp\/v2\/posts\/39","targetHints":{"allow":["GET"]}}],"collection":[{"href":"https:\/\/www.helenavonhofsten.se\/index.php?rest_route=\/wp\/v2\/posts"}],"about":[{"href":"https:\/\/www.helenavonhofsten.se\/index.php?rest_route=\/wp\/v2\/types\/post"}],"author":[{"embeddable":true,"href":"https:\/\/www.helenavonhofsten.se\/index.php?rest_route=\/wp\/v2\/users\/1"}],"replies":[{"embeddable":true,"href":"https:\/\/www.helenavonhofsten.se\/index.php?rest_route=%2Fwp%2Fv2%2Fcomments&post=39"}],"version-history":[{"count":5,"href":"https:\/\/www.helenavonhofsten.se\/index.php?rest_route=\/wp\/v2\/posts\/39\/revisions"}],"predecessor-version":[{"id":66,"href":"https:\/\/www.helenavonhofsten.se\/index.php?rest_route=\/wp\/v2\/posts\/39\/revisions\/66"}],"wp:featuredmedia":[{"embeddable":true,"href":"https:\/\/www.helenavonhofsten.se\/index.php?rest_route=\/wp\/v2\/media\/40"}],"wp:attachment":[{"href":"https:\/\/www.helenavonhofsten.se\/index.php?rest_route=%2Fwp%2Fv2%2Fmedia&parent=39"}],"wp:term":[{"taxonomy":"category","embeddable":true,"href":"https:\/\/www.helenavonhofsten.se\/index.php?rest_route=%2Fwp%2Fv2%2Fcategories&post=39"},{"taxonomy":"post_tag","embeddable":true,"href":"https:\/\/www.helenavonhofsten.se\/index.php?rest_route=%2Fwp%2Fv2%2Ftags&post=39"}],"curies":[{"name":"wp","href":"https:\/\/api.w.org\/{rel}","templated":true}]}}