{"id":45,"date":"2017-06-08T08:47:18","date_gmt":"2017-06-08T08:47:18","guid":{"rendered":"http:\/\/www.helenavonhofsten.se\/?p=45"},"modified":"2020-04-15T19:10:25","modified_gmt":"2020-04-15T19:10:25","slug":"soffan-gick-itu","status":"publish","type":"post","link":"https:\/\/www.helenavonhofsten.se\/?p=45","title":{"rendered":"Soffan gick itu"},"content":{"rendered":"<p>Jag hade lite g\u00e4ster h\u00e4r i helgen och precis som vanligt s\u00e5 gick det lite vilt till efter n\u00e5gra glas vin. Det skrattades, busades och skr\u00e5lades och jag har nog tur som har v\u00e4ldigt t\u00e5lmodiga och sn\u00e4lla grannar\u2026 Det h\u00e4nde en liten olycka ocks\u00e5, som kanske ganska tydligt m\u00e5lar en bild av hur jag och mina v\u00e4nner beter oss efter n\u00e5gra glas vin f\u00f6r mycket. Min soffa gick itu. Nu ska det s\u00e5klart n\u00e4mnas att min soffa var en mycket gammal soffa, inhandlad p\u00e5 Myrorna f\u00f6r 15 \u00e5r sedan och redan d\u00e5 i ganska miserabelt skick. Den var mycket charmig, men inte s\u00e5 praktisk &#8211; och uppenbarligen inte heller s\u00e4rskilt slitt\u00e5lig l\u00e4ngre. Olyckan skedde n\u00e4r ett par av mina flottaste v\u00e4ninnor mimade loss till Carola st\u00e5ende i soffan\u2026 pl\u00f6tslig sn\u00e4ppte det till och soffan kl\u00f6vs p\u00e5 mitten.<\/p>\n<h2>Nu blir det b\u00e4ddsoffa<\/h2>\n<p>Jaja, det var v\u00e4n ingen enorm \u00f6verraskning och jag hade redan innan funderingar p\u00e5 att investera i en ny soffa &#8211; en <strong><a href=\"https:\/\/www.wegot.se\/mobler\/soffor\/baddsoffor\">b\u00e4ddsoffa<\/a><\/strong> denna g\u00e5ng. Nu fick jag ett tydligt tecken p\u00e5 att det \u00e4r dags. Jag har spanat in en massa olika b\u00e4ddsoffor men tror att jag best\u00e4mt mig nu. Mitt vardagsrum \u00e4r inte s\u00e4rskilt stort, s\u00e5 den m\u00e5ste vara liten och kompakt, men samtidigt snygg. Det finns en p\u00e5 Wegot som tilltalar mig och priset \u00e4r \u00f6verkomligt. Nu hoppas jag bara att det \u00e4r sk\u00f6n att b\u00e5de sitta och sova i ocks\u00e5, men det f\u00e5r vi v\u00e4l se n\u00e4r den kommer.<\/p>\n","protected":false},"excerpt":{"rendered":"<p>Jag hade lite g\u00e4ster h\u00e4r i helgen och precis som vanligt s\u00e5 gick det lite vilt till efter n\u00e5gra glas vin. Det skrattades, busades och skr\u00e5lades och jag har nog tur som har v\u00e4ldigt t\u00e5lmodiga och sn\u00e4lla grannar\u2026 Det h\u00e4nde en liten olycka ocks\u00e5, som kanske ganska tydligt m\u00e5lar en bild av hur jag och <a class=\"read-more\" href=\"https:\/\/www.helenavonhofsten.se\/?p=45\">Read More<\/a><\/p>\n","protected":false},"author":1,"featured_media":46,"comment_status":"closed","ping_status":"open","sticky":false,"template":"","format":"standard","meta":{"footnotes":""},"categories":[3],"tags":[],"class_list":["post-45","post","type-post","status-publish","format-standard","has-post-thumbnail","hentry","category-nya-inlagg"],"_links":{"self":[{"href":"https:\/\/www.helenavonhofsten.se\/index.php?rest_route=\/wp\/v2\/posts\/45","targetHints":{"allow":["GET"]}}],"collection":[{"href":"https:\/\/www.helenavonhofsten.se\/index.php?rest_route=\/wp\/v2\/posts"}],"about":[{"href":"https:\/\/www.helenavonhofsten.se\/index.php?rest_route=\/wp\/v2\/types\/post"}],"author":[{"embeddable":true,"href":"https:\/\/www.helenavonhofsten.se\/index.php?rest_route=\/wp\/v2\/users\/1"}],"replies":[{"embeddable":true,"href":"https:\/\/www.helenavonhofsten.se\/index.php?rest_route=%2Fwp%2Fv2%2Fcomments&post=45"}],"version-history":[{"count":2,"href":"https:\/\/www.helenavonhofsten.se\/index.php?rest_route=\/wp\/v2\/posts\/45\/revisions"}],"predecessor-version":[{"id":68,"href":"https:\/\/www.helenavonhofsten.se\/index.php?rest_route=\/wp\/v2\/posts\/45\/revisions\/68"}],"wp:featuredmedia":[{"embeddable":true,"href":"https:\/\/www.helenavonhofsten.se\/index.php?rest_route=\/wp\/v2\/media\/46"}],"wp:attachment":[{"href":"https:\/\/www.helenavonhofsten.se\/index.php?rest_route=%2Fwp%2Fv2%2Fmedia&parent=45"}],"wp:term":[{"taxonomy":"category","embeddable":true,"href":"https:\/\/www.helenavonhofsten.se\/index.php?rest_route=%2Fwp%2Fv2%2Fcategories&post=45"},{"taxonomy":"post_tag","embeddable":true,"href":"https:\/\/www.helenavonhofsten.se\/index.php?rest_route=%2Fwp%2Fv2%2Ftags&post=45"}],"curies":[{"name":"wp","href":"https:\/\/api.w.org\/{rel}","templated":true}]}}