{"id":54,"date":"2017-06-15T09:57:41","date_gmt":"2017-06-15T09:57:41","guid":{"rendered":"http:\/\/www.helenavonhofsten.se\/?p=54"},"modified":"2017-06-14T09:58:30","modified_gmt":"2017-06-14T09:58:30","slug":"drommer-om-pudersno-under-fotterna","status":"publish","type":"post","link":"https:\/\/www.helenavonhofsten.se\/?p=54","title":{"rendered":"Dr\u00f6mmer om pudersn\u00f6 under f\u00f6tterna"},"content":{"rendered":"<p>Ok, det \u00e4r kanske en aning off season att snacka om skid\u00e5kning nu men jag fick en s\u00e5dan flash alldeles nytt om hur det k\u00e4nns att \u00e5ka ner f\u00f6r perfekt pudersn\u00f6 en solig dag i januari. Jag skulle inte byta v\u00e4rmen mot sn\u00f6 nu, men jag kan heller inte p\u00e5st\u00e5 att jag inte ser fram emot n\u00e4sta vinters skid\u00e4ventyr. N\u00e4r jag f\u00e5r ett s\u00e5dant sug surfar jag loss bland bilder p\u00e5 Google, ocks\u00e5 bes\u00f6ker jag freeride.se och dr\u00f6mmer om kommande resor till sn\u00f6n.<\/p>\n<h2>Sveriges Schweiz<\/h2>\n<p>Mitt favoritst\u00e4lle f\u00f6r skid\u00e5kning i Sverige \u00e4r <a href=\"https:\/\/www.freeride.se\/skidorter\/bjursas\/\">Bjurs\u00e5s<\/a>, som \u00e4ven g\u00e5r under smeknamnet Sveriges Schweiz. Det s\u00e4ger v\u00e4l allt? Det ska f\u00f6rst\u00e5s till\u00e4ggas att jag l\u00e5ngt ifr\u00e5n bes\u00f6kt alla sp\u00e4nnande skidorter i Sverige, s\u00e5 det finns m\u00e5nga kvar att utforska. Jag brukar \u00e5ka p\u00e5 2 skidsemestrar per s\u00e4song, en g\u00e5ng till ett nytt st\u00e4lle och en g\u00e5ng till ett st\u00e4lle som jag vet att jag \u00e4lskar. F\u00f6rra \u00e5ret blev det Bjurs\u00e5s och Riksgr\u00e4nsen.<\/p>\n<p>Om <a href=\"https:\/\/www.freeride.se\/skidorter\/riksgransen\/\">Riksgr\u00e4nsen<\/a> hade jag inte s\u00e4rskilt h\u00f6ga f\u00f6rv\u00e4ntningar och blev positivt \u00f6verraskad. S\u00e5 vackert det var! Och stort! Det finns betydligt mer yta \u00e4n folk d\u00e4r uppe i norr, men dagarna \u00e4r skr\u00e4mmande korta &#8211; de finns knappt. Jag \u00e5ker dok g\u00e4rna tillbaka f\u00f6r det var en naturupplevelse av klass!<\/p>\n<h2>Har du kanske n\u00e5got hett tips?<\/h2>\n<p>Jag har \u00e4nnu inte best\u00e4mt vart det b\u00e4r av n\u00e4sta \u00e5r, det \u00e4r en karamell jag fortfarande suger p\u00e5. Oavsett s\u00e5 blir det riktigt h\u00e4rliga avbrott i den l\u00e5nga vintern, som alltid\u2026<\/p>\n","protected":false},"excerpt":{"rendered":"<p>Ok, det \u00e4r kanske en aning off season att snacka om skid\u00e5kning nu men jag fick en s\u00e5dan flash alldeles nytt om hur det k\u00e4nns att \u00e5ka ner f\u00f6r perfekt pudersn\u00f6 en solig dag i januari. Jag skulle inte byta v\u00e4rmen mot sn\u00f6 nu, men jag kan heller inte p\u00e5st\u00e5 att jag inte ser fram <a class=\"read-more\" href=\"https:\/\/www.helenavonhofsten.se\/?p=54\">Read More<\/a><\/p>\n","protected":false},"author":1,"featured_media":56,"comment_status":"closed","ping_status":"open","sticky":false,"template":"","format":"standard","meta":{"footnotes":""},"categories":[1],"tags":[],"class_list":["post-54","post","type-post","status-publish","format-standard","has-post-thumbnail","hentry","category-uncategorized"],"_links":{"self":[{"href":"https:\/\/www.helenavonhofsten.se\/index.php?rest_route=\/wp\/v2\/posts\/54","targetHints":{"allow":["GET"]}}],"collection":[{"href":"https:\/\/www.helenavonhofsten.se\/index.php?rest_route=\/wp\/v2\/posts"}],"about":[{"href":"https:\/\/www.helenavonhofsten.se\/index.php?rest_route=\/wp\/v2\/types\/post"}],"author":[{"embeddable":true,"href":"https:\/\/www.helenavonhofsten.se\/index.php?rest_route=\/wp\/v2\/users\/1"}],"replies":[{"embeddable":true,"href":"https:\/\/www.helenavonhofsten.se\/index.php?rest_route=%2Fwp%2Fv2%2Fcomments&post=54"}],"version-history":[{"count":2,"href":"https:\/\/www.helenavonhofsten.se\/index.php?rest_route=\/wp\/v2\/posts\/54\/revisions"}],"predecessor-version":[{"id":57,"href":"https:\/\/www.helenavonhofsten.se\/index.php?rest_route=\/wp\/v2\/posts\/54\/revisions\/57"}],"wp:featuredmedia":[{"embeddable":true,"href":"https:\/\/www.helenavonhofsten.se\/index.php?rest_route=\/wp\/v2\/media\/56"}],"wp:attachment":[{"href":"https:\/\/www.helenavonhofsten.se\/index.php?rest_route=%2Fwp%2Fv2%2Fmedia&parent=54"}],"wp:term":[{"taxonomy":"category","embeddable":true,"href":"https:\/\/www.helenavonhofsten.se\/index.php?rest_route=%2Fwp%2Fv2%2Fcategories&post=54"},{"taxonomy":"post_tag","embeddable":true,"href":"https:\/\/www.helenavonhofsten.se\/index.php?rest_route=%2Fwp%2Fv2%2Ftags&post=54"}],"curies":[{"name":"wp","href":"https:\/\/api.w.org\/{rel}","templated":true}]}}